{"id":3170,"date":"2026-04-27T08:17:07","date_gmt":"2026-04-27T08:17:07","guid":{"rendered":"https:\/\/esledprofile.com\/?p=3170"},"modified":"2026-04-27T08:17:10","modified_gmt":"2026-04-27T08:17:10","slug":"what-is-a-black-led-aluminum-profile-and-when-to-use-it","status":"publish","type":"post","link":"https:\/\/esledprofile.com\/pt\/what-is-a-black-led-aluminum-profile-and-when-to-use-it\/","title":{"rendered":"O que \u00e9 um perfil de alum\u00ednio LED preto e quando o utilizar?"},"content":{"rendered":"<p>As interior design styles increasingly embrace minimalism, darker tones, and spatial integration, people&#8217;s demands for the aesthetics of lighting systems are also rising. Compared to traditional silver aluminum profiles, black LED aluminum profile are gradually gaining popularity. Due to their characteristics of &#8220;concealing the light source and minimizing its presence,&#8221; they have become a top choice for design firms, furniture manufacturers, decoration companies, and retail brands.<\/p>\n\n\n\n<p>Este artigo ir\u00e1 aprofundar o motivo pelo qual a demanda do mercado por perfil de alum\u00ednio LED preto est\u00e1 aumentando, analisar suas vantagens essenciais insubstitu\u00edveis e fornecer oportunidades claras de uso, diretrizes de compara\u00e7\u00e3o e pontos de constru\u00e7\u00e3o para ajud\u00e1-lo a fazer a escolha mais profissional para seu pr\u00f3ximo projeto. Mais informa\u00e7\u00f5es, por favor leia <a href=\"https:\/\/esledprofile.com\/pt\/why-choose-black-led-profiles-and-covers\/\" target=\"_blank\" rel=\"noreferrer noopener\">Porqu\u00ea escolher perfis e coberturas de LED pretos?<\/a><\/p>\n\n\n\n<h2 class=\"wp-block-heading\" id=\"h-why-choose-black-led-aluminum-profile\">Porqu\u00ea escolher o perfil de alum\u00ednio LED preto?<\/h2>\n\n\n\n<p>Os perfis de alum\u00ednio LED pretos s\u00e3o uma nova cor de material, concebida para \u00e1reas espec\u00edficas. Utilizados principalmente em \u00e1reas de ilumina\u00e7\u00e3o interior, criam uma est\u00e9tica sofisticada e fresca.<\/p>\n\n\n\n<figure class=\"wp-block-image size-full\"><img fetchpriority=\"high\" decoding=\"async\" width=\"800\" height=\"500\" src=\"https:\/\/esledprofile.com\/wp-content\/uploads\/2026\/04\/black-led-aluminum-profile-channel.webp\" alt=\"Canal de perfil de alum\u00ednio LED preto para fita de ilumina\u00e7\u00e3o LED com acabamento preto mate\" class=\"wp-image-3561\" srcset=\"https:\/\/esledprofile.com\/wp-content\/uploads\/2026\/04\/black-led-aluminum-profile-channel.webp 800w, https:\/\/esledprofile.com\/wp-content\/uploads\/2026\/04\/black-led-aluminum-profile-channel-300x188.webp 300w, https:\/\/esledprofile.com\/wp-content\/uploads\/2026\/04\/black-led-aluminum-profile-channel-768x480.webp 768w, https:\/\/esledprofile.com\/wp-content\/uploads\/2026\/04\/black-led-aluminum-profile-channel-18x12.webp 18w, https:\/\/esledprofile.com\/wp-content\/uploads\/2026\/04\/black-led-aluminum-profile-channel-600x375.webp 600w\" sizes=\"(max-width: 800px) 100vw, 800px\" \/><\/figure>\n\n\n\n<h3 class=\"wp-block-heading\" id=\"h-superior-reflective-control\">Controlo Refletor Superior<\/h3>\n\n\n\n<p>A superf\u00edcie preta tem um acabamento mate, evitando o reflexo da luz que pode ocorrer com os perfis prateados tradicionais, resultando numa luz mais suave e mais limpa.<\/p>\n\n\n\n<h3 class=\"wp-block-heading\" id=\"h-highly-concealed-not-visually-obtrusive\">Muito dissimulado, n\u00e3o \u00e9 visualmente intrusivo<\/h3>\n\n\n\n<p>In dark spaces, the profile itself is almost invisible, creating a &#8220;light flowing naturally from the wall\/ceiling&#8221; effect. This glossy effect is excellent.<\/p>\n\n\n\n<h3 class=\"wp-block-heading\" id=\"h-perfectly-integrates-various-materials\">Integra-se perfeitamente em v\u00e1rios materiais<\/h3>\n\n\n\n<p>Incluindo folheado de madeira, pedra sinterizada, arma\u00e7\u00f5es de ferro forjado, vidro preto, metal galvanizado, etc. Pode combinar-se perfeitamente com eles, criando um aspeto harmonioso e luminoso.<\/p>\n\n\n\n<h3 class=\"wp-block-heading\" id=\"h-highly-wear-resistant-and-oxidation-resistant\">Altamente resistente ao desgaste e \u00e0 oxida\u00e7\u00e3o<\/h3>\n\n\n\n<p>Os tratamentos da superf\u00edcie preta utilizam normalmente processos de oxida\u00e7\u00e3o por jato de areia ou eletroforese, tornando-os mais resistentes a riscos e a impress\u00f5es digitais do que a prata comum.<\/p>\n\n\n\n<h3 class=\"wp-block-heading\" id=\"h-enhancing-the-overall-spatial-quality\">Melhorar a qualidade global do espa\u00e7o<\/h3>\n\n\n\n<p>Especialmente em espa\u00e7os comerciais de alta qualidade, os perfis pretos podem melhorar significativamente a modernidade e o profissionalismo do espa\u00e7o.<\/p>\n\n\n\n<h2 class=\"wp-block-heading\" id=\"h-when-should-black-led-aluminium-profile-be-used\">Quando deve ser utilizado o perfil de alum\u00ednio LED preto?<\/h2>\n\n\n\n<p>Black LED aluminum profiles are not just a color choice, but also a &#8220;tool for invisible lighting design.&#8221; In the following scenarios, they can significantly enhance the texture and lighting environment of a space:<\/p>\n\n\n\n<figure class=\"wp-block-image size-full\"><img decoding=\"async\" width=\"800\" height=\"500\" src=\"https:\/\/esledprofile.com\/wp-content\/uploads\/2026\/04\/black-led-aluminium-profile-with-diffuser.webp\" alt=\"Perfil de alum\u00ednio LED preto com tampa difusora para instala\u00e7\u00e3o de fita LED linear\" class=\"wp-image-3560\" srcset=\"https:\/\/esledprofile.com\/wp-content\/uploads\/2026\/04\/black-led-aluminium-profile-with-diffuser.webp 800w, https:\/\/esledprofile.com\/wp-content\/uploads\/2026\/04\/black-led-aluminium-profile-with-diffuser-300x188.webp 300w, https:\/\/esledprofile.com\/wp-content\/uploads\/2026\/04\/black-led-aluminium-profile-with-diffuser-768x480.webp 768w, https:\/\/esledprofile.com\/wp-content\/uploads\/2026\/04\/black-led-aluminium-profile-with-diffuser-18x12.webp 18w, https:\/\/esledprofile.com\/wp-content\/uploads\/2026\/04\/black-led-aluminium-profile-with-diffuser-600x375.webp 600w\" sizes=\"(max-width: 800px) 100vw, 800px\" \/><\/figure>\n\n\n\n<h3 class=\"wp-block-heading\" id=\"h-dark-ceiling-black-suspended-ceiling\">Teto escuro \/ Teto suspenso preto<\/h3>\n\n\n\n<p>Em tectos falsos pretos ou cinzentos escuros, a utiliza\u00e7\u00e3o de perfis pretos permite que as lumin\u00e1rias se misturem quase completamente com o fundo, deixando apenas vis\u00edvel a pr\u00f3pria luz. Normalmente visto em: espa\u00e7os de escrit\u00f3rios, espa\u00e7os comerciais, cadeias de lojas<\/p>\n\n\n\n<p><strong>Efeito de aplica\u00e7\u00e3o:<\/strong><\/p>\n\n\n\n<ul class=\"wp-block-list\">\n<li>You can&#8217;t see the &#8220;light,&#8221; only the &#8220;light&#8221;<\/li>\n\n\n\n<li>Evita linhas reflectoras \u00f3bvias dos perfis prateados no teto<\/li>\n\n\n\n<li>Aumenta a sofistica\u00e7\u00e3o geral do espa\u00e7o<\/li>\n<\/ul>\n\n\n\n<h3 class=\"wp-block-heading\" id=\"h-wood-veneer-or-dark-colored-furniture-wardrobes-cabinets-display-cases\">M\u00f3veis folheados a madeira ou de cor escura (roupeiros \/ arm\u00e1rios \/ vitrinas)<\/h3>\n\n\n\n<p>If your cabinetry is constructed from dark-toned materials\u2014such as walnut or dark oak\u2014black profiles appear far more &#8220;invisible&#8221; than silver ones.<\/p>\n\n\n\n<p><strong>Efeitos de aplica\u00e7\u00e3o:<\/strong><\/p>\n\n\n\n<ul class=\"wp-block-list\">\n<li>O canal de luz integra-se perfeitamente na estrutura do m\u00f3vel.<\/li>\n\n\n\n<li>Quando iluminada, a luz \u00e9 suave, uniforme e discreta.<\/li>\n\n\n\n<li>Quando desligado, o aparelho \u00e9 praticamente invis\u00edvel.<\/li>\n<\/ul>\n\n\n\n<h3 class=\"wp-block-heading\" id=\"h-iron-frames-metal-structures-industrial-amp-minimalist-styles\">Arma\u00e7\u00f5es de ferro \/ Estruturas met\u00e1licas (estilos industrial e minimalista)<\/h3>\n\n\n\n<p>Em ferragens pretas, estruturas de a\u00e7o ou designs modernos e minimalistas, os perfis pretos mant\u00eam uma linguagem de design consistente. Utilizados principalmente em espa\u00e7os loft e estruturas de exposi\u00e7\u00e3o comercial.<\/p>\n\n\n\n<p><strong>Efeitos de aplica\u00e7\u00e3o:<\/strong><\/p>\n\n\n\n<ul class=\"wp-block-list\">\n<li>Integra\u00e7\u00e3o perfeita com a estrutura met\u00e1lica preta<\/li>\n\n\n\n<li>Real\u00e7ar as linhas, n\u00e3o perturbar o desenho<\/li>\n\n\n\n<li>Conforming to the &#8220;low-interference&#8221; design logic of industrial and minimalist styles<\/li>\n<\/ul>\n\n\n\n<h3 class=\"wp-block-heading\" id=\"h-showrooms-shopping-malls-high-end-retail-spaces\">Salas de exposi\u00e7\u00e3o \/ Centros comerciais \/ Espa\u00e7os comerciais de topo de gama<\/h3>\n\n\n\n<p>In spaces emphasizing &#8220;visual priority for merchandise,&#8221; lighting fixtures themselves must be minimized. Primarily used in luxury stores, jewelry stores, and car showrooms.<\/p>\n\n\n\n<p><strong>Efeitos de aplica\u00e7\u00e3o:<\/strong><\/p>\n\n\n\n<ul class=\"wp-block-list\">\n<li>Reduz a interfer\u00eancia visual dos aparelhos de ilumina\u00e7\u00e3o<\/li>\n\n\n\n<li>Centra a aten\u00e7\u00e3o do cliente na mercadoria<\/li>\n\n\n\n<li>More &#8220;professional&#8221; lighting, cleaner space<\/li>\n<\/ul>\n\n\n\n<h3 class=\"wp-block-heading\" id=\"h-areas-with-high-anti-glare-requirements-office-reading-spaces\">\u00c1reas com elevados requisitos antirreflexo (escrit\u00f3rios\/espa\u00e7os de leitura)<\/h3>\n\n\n\n<p>As superf\u00edcies pretas reduzem eficazmente o reflexo da luz, reduzindo assim o encandeamento. Amplamente aplic\u00e1vel em escrit\u00f3rios e bibliotecas.<\/p>\n\n\n\n<p><strong>Efeitos de aplica\u00e7\u00e3o:<\/strong><\/p>\n\n\n\n<ul class=\"wp-block-list\">\n<li>Reduz o desconforto ao olhar diretamente ou de lado<\/li>\n\n\n\n<li>Melhora o conforto visual durante sess\u00f5es de trabalho prolongadas<\/li>\n\n\n\n<li>Luz mais suave e controlo mais preciso<\/li>\n<\/ul>\n\n\n\n<h2 class=\"wp-block-heading\" id=\"h-black-vs-silver-aluminum-led-profile-how-to-make-the-right-choice\">Perfil LED de alum\u00ednio preto vs. prateado: Como fazer a escolha certa?<\/h2>\n\n\n\n<p>Choosing between black and silver (or white) LED profiles is a philosophical question of &#8220;subtraction&#8221; and &#8220;integration&#8221;:<\/p>\n\n\n\n<figure class=\"wp-block-table\"><table class=\"has-fixed-layout\"><tbody><tr><td><strong>Compara\u00e7\u00e3o de carater\u00edsticas<\/strong><\/td><td><strong>LED de alum\u00ednio preto<\/strong> <strong>Perfil<\/strong><\/td><td><strong>Perfil de alum\u00ednio LED prateado\/branco<\/strong><\/td><\/tr><tr><td><strong>Efeitos visuais<\/strong><\/td><td>Absorve a luz, tornando-a visualmente invis\u00edvel ou real\u00e7ando as linhas.<\/td><td>Reflecte a luz e mistura-se perfeitamente com as paredes\/teto.<\/td><\/tr><tr><td><strong>Controlo do brilho<\/strong><\/td><td>Excelente; a parede interior preta reduz os reflexos internos.<\/td><td>Geralmente, pode ocorrer luz difusa nas bordas.<\/td><\/tr><tr><td><strong>Ambiente aplic\u00e1vel<\/strong><\/td><td>Alto contraste, fundo escuro, design minimalista.<\/td><td>Fundo de cor clara, \u00e1rea onde \u00e9 necess\u00e1ria uma sa\u00edda de luz m\u00e1xima.<\/td><\/tr><tr><td><strong>Conceito de design<\/strong><\/td><td>Realce a luz em si e oculte os acess\u00f3rios de ilumina\u00e7\u00e3o.<\/td><td>A t\u00f3nica \u00e9 colocada na planura e na integridade do espa\u00e7o.<\/td><\/tr><\/tbody><\/table><\/figure>\n\n\n\n<p>Se os seus objectivos de design s\u00e3o o minimalismo, a supress\u00e3o do brilho, o contraste elevado e um fundo escuro, ent\u00e3o o preto \u00e9 a escolha \u00f3bvia. Se o seu objetivo \u00e9 maximizar a ilumina\u00e7\u00e3o difusa e misturar-se perfeitamente com um teto de cor clara, ent\u00e3o o prateado ou o branco s\u00e3o mais adequados. Para mais informa\u00e7\u00f5es, consulte <a href=\"https:\/\/esledprofile.com\/pt\/perfis-de-aluminio-com-leds-brancos-ou-pretos-o-mais-adequado-para-o-seu-projeto\/\" target=\"_blank\" rel=\"noreferrer noopener\">Perfis de alum\u00ednio LED brancos ou pretos: Qual \u00e9 o mais adequado para o seu projeto?<\/a><\/p>\n\n\n\n<h2 class=\"wp-block-heading\" id=\"h-construction-precautions-for-using-black-profiles\">Precau\u00e7\u00f5es de constru\u00e7\u00e3o para a utiliza\u00e7\u00e3o de perfis pretos<\/h2>\n\n\n\n<p>Embora os perfis pretos ofere\u00e7am vantagens est\u00e9ticas, as seguintes carater\u00edsticas devem ser consideradas durante a constru\u00e7\u00e3o e a instala\u00e7\u00e3o:<\/p>\n\n\n\n<figure class=\"wp-block-image size-full\"><img decoding=\"async\" width=\"800\" height=\"500\" src=\"https:\/\/esledprofile.com\/wp-content\/uploads\/2026\/04\/black-led-aluminum-profile-lighting-effect.webp\" alt=\"Ilumina\u00e7\u00e3o interior moderna utilizando perfil de alum\u00ednio LED preto criando\" class=\"wp-image-3562\" srcset=\"https:\/\/esledprofile.com\/wp-content\/uploads\/2026\/04\/black-led-aluminum-profile-lighting-effect.webp 800w, https:\/\/esledprofile.com\/wp-content\/uploads\/2026\/04\/black-led-aluminum-profile-lighting-effect-300x188.webp 300w, https:\/\/esledprofile.com\/wp-content\/uploads\/2026\/04\/black-led-aluminum-profile-lighting-effect-768x480.webp 768w, https:\/\/esledprofile.com\/wp-content\/uploads\/2026\/04\/black-led-aluminum-profile-lighting-effect-18x12.webp 18w, https:\/\/esledprofile.com\/wp-content\/uploads\/2026\/04\/black-led-aluminum-profile-lighting-effect-600x375.webp 600w\" sizes=\"(max-width: 800px) 100vw, 800px\" \/><\/figure>\n\n\n\n<ul class=\"wp-block-list\">\n<li>Prote\u00e7\u00e3o da superf\u00edcie: O acabamento anodizado ou pintado de preto \u00e9 suscet\u00edvel de riscos vis\u00edveis. Durante o manuseamento e a instala\u00e7\u00e3o, devem ser usadas luvas e deve ser aplicada uma pel\u00edcula de prote\u00e7\u00e3o para evitar o contacto com ferramentas afiadas ou argamassa de cimento.<\/li>\n\n\n\n<li>Accessory Consistency: Only the corresponding black end caps, connectors, and clips may be used. The use of any white or silver-colored accessories will compromise the intended &#8220;invisible&#8221; aesthetic.<\/li>\n\n\n\n<li>Dissipa\u00e7\u00e3o de calor da fita LED: A efici\u00eancia de dissipa\u00e7\u00e3o de calor do perfil preto \u00e9 equivalente \u00e0 dos perfis de alum\u00ednio normais; no entanto, ao instalar as tiras de LED, certifique-se de que a parte inferior da tira entra em contacto total com o perfil para facilitar uma condu\u00e7\u00e3o de calor eficaz.<\/li>\n\n\n\n<li>Oculta\u00e7\u00e3o dos cabos el\u00e9ctricos: Para instala\u00e7\u00f5es montadas \u00e0 superf\u00edcie, os cabos de alimenta\u00e7\u00e3o que entram no perfil devem utilizar uma bainha preta ou ser pr\u00e9-embutidos para evitar que a cablagem branca prejudique a est\u00e9tica visual preta geral.<\/li>\n<\/ul>\n\n\n\n<h2 class=\"wp-block-heading\" id=\"h-conclusion\">Conclus\u00e3o<\/h2>\n\n\n\n<p><a href=\"https:\/\/esledprofile.com\/pt\/categoria-do-produto\/black-series\/\" type=\"link\" id=\"https:\/\/esledprofile.com\/product-category\/black-series\/\" target=\"_blank\" rel=\"noreferrer noopener\">Alum\u00ednio LED preto<\/a> com a sua dissimula\u00e7\u00e3o superior, apelo visual sofisticado e ampla adaptabilidade. Est\u00e3o a tornar-se cada vez mais a escolha principal para espa\u00e7os comerciais modernos, designs de interiores escuros e projectos de topo de gama. Quer o seu projeto seja um showroom, um edif\u00edcio de escrit\u00f3rios, mobili\u00e1rio folheado a madeira ou uma loja de marca, os perfis pretos proporcionam um efeito de ilumina\u00e7\u00e3o mais limpo e linear e uma apresenta\u00e7\u00e3o espacial mais profissional.<\/p>\n\n\n\n<p>Descarregar o <a href=\"https:\/\/esledprofile.com\/pt\/download\/\" type=\"link\" id=\"https:\/\/esledprofile.com\/download\/\" target=\"_blank\" rel=\"noreferrer noopener\">cat\u00e1logo<\/a> agora: Garanta que o seu pr\u00f3ximo projeto de design utiliza perfeitamente perfis pretos!<\/p>\n\n\n\n<h2 class=\"wp-block-heading\" id=\"h-faqs\">Perguntas frequentes<\/h2>\n\n\n\n<div class=\"schema-faq wp-block-yoast-faq-block\"><div class=\"schema-faq-section\" id=\"faq-question-1765352684734\"><strong class=\"schema-faq-question\">O processo de anodiza\u00e7\u00e3o dos perfis pretos afecta o desempenho da dissipa\u00e7\u00e3o de calor?<\/strong> <p class=\"schema-faq-answer\">N\u00e3o. A capacidade de dissipa\u00e7\u00e3o de calor dos perfis de alum\u00ednio LED depende principalmente do material, da espessura e da \u00e1rea de superf\u00edcie do alum\u00ednio. A camada de tratamento preto da anodiza\u00e7\u00e3o (ou pulveriza\u00e7\u00e3o) \u00e9 muito fina, e o seu efeito prejudicial na condutividade t\u00e9rmica do alum\u00ednio \u00e9 insignificante.<\/p> <\/div> <div class=\"schema-faq-section\" id=\"faq-question-1765352686032\"><strong class=\"schema-faq-question\">Os custos de aquisi\u00e7\u00e3o e instala\u00e7\u00e3o s\u00e3o mais elevados para os perfis de alum\u00ednio LED pretos?<\/strong> <p class=\"schema-faq-answer\">Sim, o custo de aquisi\u00e7\u00e3o dos perfis pretos \u00e9 geralmente mais elevado do que o dos perfis prateados ou brancos normais. Isto deve-se ao facto de o processo de escurecimento (tal como a anodiza\u00e7\u00e3o) ser um passo de produ\u00e7\u00e3o adicional e mais refinado.<\/p> <\/div> <div class=\"schema-faq-section\" id=\"faq-question-1765352686964\"><strong class=\"schema-faq-question\">Os riscos ou amolgadelas nos perfis pretos s\u00e3o mais dif\u00edceis de reparar do que nos perfis prateados?<\/strong> <p class=\"schema-faq-answer\">Sim, s\u00e3o de facto mais dif\u00edceis de reparar. Devido ao elevado contraste do preto, quaisquer pequenos riscos ou amolgadelas ser\u00e3o mais vis\u00edveis numa superf\u00edcie preta do que numa superf\u00edcie prateada (especialmente prata escovada).<\/p> <\/div> <div class=\"schema-faq-section\" id=\"faq-question-1765352687811\"><strong class=\"schema-faq-question\">Podem fornecer perfis em cores personalizadas?<\/strong> <p class=\"schema-faq-answer\">Sim, suportamos perfis personalizados em v\u00e1rios c\u00f3digos de cores RAL. Para preto e branco, existe um MOQ (Quota M\u00ednima de Encomenda).<\/p> <\/div> <div class=\"schema-faq-section\" id=\"faq-question-1765352688554\"><strong class=\"schema-faq-question\">Quando \u00e9 que n\u00e3o \u00e9 recomendada a utiliza\u00e7\u00e3o de materiais pretos?<\/strong> <p class=\"schema-faq-answer\">Num espa\u00e7o minimalista com branco ou cores claras como esquema de cores principal, ou para projectos com um or\u00e7amento extremamente limitado (os acabamentos em preto podem ser ligeiramente mais caros).<\/p> <\/div> <\/div>","protected":false},"excerpt":{"rendered":"<p>As interior design styles increasingly embrace minimalism, darker tones, and spatial integration, people&#8217;s demands for the aesthetics of lighting systems are also rising. Compared to traditional silver aluminum profiles, black LED aluminum profile are gradually gaining popularity. Due to their characteristics of &#8220;concealing the light source and minimizing its presence,&#8221; they have become a top&#8230;<\/p>","protected":false},"author":1,"featured_media":3561,"comment_status":"closed","ping_status":"closed","sticky":false,"template":"","format":"standard","meta":{"_kad_post_transparent":"","_kad_post_title":"","_kad_post_layout":"","_kad_post_sidebar_id":"","_kad_post_content_style":"","_kad_post_vertical_padding":"","_kad_post_feature":"","_kad_post_feature_position":"","_kad_post_header":false,"_kad_post_footer":false,"_kad_post_classname":"","footnotes":""},"categories":[16],"tags":[298,218,282],"class_list":["post-3170","post","type-post","status-publish","format-standard","has-post-thumbnail","hentry","category-blog","tag-black-led-aluminum-profile","tag-black-led-profile","tag-led-strip-aluminum-housing"],"yoast_head":"<!-- This site is optimized with the Yoast SEO Premium plugin v24.7 (Yoast SEO v27.4) - https:\/\/yoast.com\/product\/yoast-seo-premium-wordpress\/ -->\n<title>What Is a Black LED Aluminum Profile and When to Use It? - LED PROFILE Manufacturer<\/title>\n<meta name=\"description\" content=\"Black LED aluminum profile, with their superior concealment, sophisticated visual appeal, and wide adaptability.\" \/>\n<meta name=\"robots\" content=\"index, follow, max-snippet:-1, max-image-preview:large, max-video-preview:-1\" \/>\n<link rel=\"canonical\" href=\"https:\/\/esledprofile.com\/pt\/what-is-a-black-led-aluminum-profile-and-when-to-use-it\/\" \/>\n<meta property=\"og:locale\" content=\"pt_PT\" \/>\n<meta property=\"og:type\" content=\"article\" \/>\n<meta property=\"og:title\" content=\"What Is a Black LED Aluminum Profile and When to Use It?\" \/>\n<meta property=\"og:description\" content=\"Black LED aluminum profile, with their superior concealment, sophisticated visual appeal, and wide adaptability.\" \/>\n<meta property=\"og:url\" content=\"https:\/\/esledprofile.com\/pt\/what-is-a-black-led-aluminum-profile-and-when-to-use-it\/\" \/>\n<meta property=\"og:site_name\" content=\"LED PROFILE Manufacturer\" \/>\n<meta property=\"article:published_time\" content=\"2026-04-27T08:17:07+00:00\" \/>\n<meta property=\"article:modified_time\" content=\"2026-04-27T08:17:10+00:00\" \/>\n<meta property=\"og:image\" content=\"https:\/\/esledprofile.com\/wp-content\/uploads\/2026\/04\/black-led-aluminum-profile-channel.webp\" \/>\n\t<meta property=\"og:image:width\" content=\"800\" \/>\n\t<meta property=\"og:image:height\" content=\"500\" \/>\n\t<meta property=\"og:image:type\" content=\"image\/webp\" \/>\n<meta name=\"author\" content=\"adminjulia\" \/>\n<meta name=\"twitter:card\" content=\"summary_large_image\" \/>\n<meta name=\"twitter:label1\" content=\"Escrito por\" \/>\n\t<meta name=\"twitter:data1\" content=\"adminjulia\" \/>\n\t<meta name=\"twitter:label2\" content=\"Tempo estimado de leitura\" \/>\n\t<meta name=\"twitter:data2\" content=\"7 minutos\" \/>\n<script type=\"application\/ld+json\" class=\"yoast-schema-graph\">{\"@context\":\"https:\\\/\\\/schema.org\",\"@graph\":[{\"@type\":\"Article\",\"@id\":\"https:\\\/\\\/esledprofile.com\\\/what-is-a-black-led-aluminum-profile-and-when-to-use-it\\\/#article\",\"isPartOf\":{\"@id\":\"https:\\\/\\\/esledprofile.com\\\/what-is-a-black-led-aluminum-profile-and-when-to-use-it\\\/\"},\"author\":{\"name\":\"adminjulia\",\"@id\":\"https:\\\/\\\/esledprofile.com\\\/#\\\/schema\\\/person\\\/b07fc3f70dc8e9bf9fe1533d9fd27ce8\"},\"headline\":\"What Is a Black LED Aluminum Profile and When to Use It?\",\"datePublished\":\"2026-04-27T08:17:07+00:00\",\"dateModified\":\"2026-04-27T08:17:10+00:00\",\"mainEntityOfPage\":{\"@id\":\"https:\\\/\\\/esledprofile.com\\\/what-is-a-black-led-aluminum-profile-and-when-to-use-it\\\/\"},\"wordCount\":1248,\"publisher\":{\"@id\":\"https:\\\/\\\/esledprofile.com\\\/#organization\"},\"image\":{\"@id\":\"https:\\\/\\\/esledprofile.com\\\/what-is-a-black-led-aluminum-profile-and-when-to-use-it\\\/#primaryimage\"},\"thumbnailUrl\":\"https:\\\/\\\/esledprofile.com\\\/wp-content\\\/uploads\\\/2026\\\/04\\\/black-led-aluminum-profile-channel.webp\",\"keywords\":[\"Black LED Aluminum Profile\",\"black led profile\",\"LED Strip Aluminum Housing\"],\"articleSection\":[\"Blog\"],\"inLanguage\":\"pt-PT\"},{\"@type\":[\"WebPage\",\"FAQPage\"],\"@id\":\"https:\\\/\\\/esledprofile.com\\\/what-is-a-black-led-aluminum-profile-and-when-to-use-it\\\/\",\"url\":\"https:\\\/\\\/esledprofile.com\\\/what-is-a-black-led-aluminum-profile-and-when-to-use-it\\\/\",\"name\":\"What Is a Black LED Aluminum Profile and When to Use It? - LED PROFILE Manufacturer\",\"isPartOf\":{\"@id\":\"https:\\\/\\\/esledprofile.com\\\/#website\"},\"primaryImageOfPage\":{\"@id\":\"https:\\\/\\\/esledprofile.com\\\/what-is-a-black-led-aluminum-profile-and-when-to-use-it\\\/#primaryimage\"},\"image\":{\"@id\":\"https:\\\/\\\/esledprofile.com\\\/what-is-a-black-led-aluminum-profile-and-when-to-use-it\\\/#primaryimage\"},\"thumbnailUrl\":\"https:\\\/\\\/esledprofile.com\\\/wp-content\\\/uploads\\\/2026\\\/04\\\/black-led-aluminum-profile-channel.webp\",\"datePublished\":\"2026-04-27T08:17:07+00:00\",\"dateModified\":\"2026-04-27T08:17:10+00:00\",\"description\":\"Black LED aluminum profile, with their superior concealment, sophisticated visual appeal, and wide adaptability.\",\"breadcrumb\":{\"@id\":\"https:\\\/\\\/esledprofile.com\\\/what-is-a-black-led-aluminum-profile-and-when-to-use-it\\\/#breadcrumb\"},\"mainEntity\":[{\"@id\":\"https:\\\/\\\/esledprofile.com\\\/what-is-a-black-led-aluminum-profile-and-when-to-use-it\\\/#faq-question-1765352684734\"},{\"@id\":\"https:\\\/\\\/esledprofile.com\\\/what-is-a-black-led-aluminum-profile-and-when-to-use-it\\\/#faq-question-1765352686032\"},{\"@id\":\"https:\\\/\\\/esledprofile.com\\\/what-is-a-black-led-aluminum-profile-and-when-to-use-it\\\/#faq-question-1765352686964\"},{\"@id\":\"https:\\\/\\\/esledprofile.com\\\/what-is-a-black-led-aluminum-profile-and-when-to-use-it\\\/#faq-question-1765352687811\"},{\"@id\":\"https:\\\/\\\/esledprofile.com\\\/what-is-a-black-led-aluminum-profile-and-when-to-use-it\\\/#faq-question-1765352688554\"}],\"inLanguage\":\"pt-PT\",\"potentialAction\":[{\"@type\":\"ReadAction\",\"target\":[\"https:\\\/\\\/esledprofile.com\\\/what-is-a-black-led-aluminum-profile-and-when-to-use-it\\\/\"]}]},{\"@type\":\"ImageObject\",\"inLanguage\":\"pt-PT\",\"@id\":\"https:\\\/\\\/esledprofile.com\\\/what-is-a-black-led-aluminum-profile-and-when-to-use-it\\\/#primaryimage\",\"url\":\"https:\\\/\\\/esledprofile.com\\\/wp-content\\\/uploads\\\/2026\\\/04\\\/black-led-aluminum-profile-channel.webp\",\"contentUrl\":\"https:\\\/\\\/esledprofile.com\\\/wp-content\\\/uploads\\\/2026\\\/04\\\/black-led-aluminum-profile-channel.webp\",\"width\":800,\"height\":500,\"caption\":\"Black LED aluminum profile channel for LED strip lighting with matte black finish\"},{\"@type\":\"BreadcrumbList\",\"@id\":\"https:\\\/\\\/esledprofile.com\\\/what-is-a-black-led-aluminum-profile-and-when-to-use-it\\\/#breadcrumb\",\"itemListElement\":[{\"@type\":\"ListItem\",\"position\":1,\"name\":\"Home\",\"item\":\"https:\\\/\\\/esledprofile.com\\\/\"},{\"@type\":\"ListItem\",\"position\":2,\"name\":\"What Is a Black LED Aluminum Profile and When to Use It?\"}]},{\"@type\":\"WebSite\",\"@id\":\"https:\\\/\\\/esledprofile.com\\\/#website\",\"url\":\"https:\\\/\\\/esledprofile.com\\\/\",\"name\":\"LED PROFILE Manufacturer\",\"description\":\"\",\"publisher\":{\"@id\":\"https:\\\/\\\/esledprofile.com\\\/#organization\"},\"potentialAction\":[{\"@type\":\"SearchAction\",\"target\":{\"@type\":\"EntryPoint\",\"urlTemplate\":\"https:\\\/\\\/esledprofile.com\\\/?s={search_term_string}\"},\"query-input\":{\"@type\":\"PropertyValueSpecification\",\"valueRequired\":true,\"valueName\":\"search_term_string\"}}],\"inLanguage\":\"pt-PT\"},{\"@type\":\"Organization\",\"@id\":\"https:\\\/\\\/esledprofile.com\\\/#organization\",\"name\":\"LED PROFILE Manufacturer\",\"url\":\"https:\\\/\\\/esledprofile.com\\\/\",\"logo\":{\"@type\":\"ImageObject\",\"inLanguage\":\"pt-PT\",\"@id\":\"https:\\\/\\\/esledprofile.com\\\/#\\\/schema\\\/logo\\\/image\\\/\",\"url\":\"https:\\\/\\\/esledprofile.com\\\/wp-content\\\/uploads\\\/2023\\\/11\\\/logo1-removebg-preview.png\",\"contentUrl\":\"https:\\\/\\\/esledprofile.com\\\/wp-content\\\/uploads\\\/2023\\\/11\\\/logo1-removebg-preview.png\",\"width\":350,\"height\":100,\"caption\":\"LED PROFILE Manufacturer\"},\"image\":{\"@id\":\"https:\\\/\\\/esledprofile.com\\\/#\\\/schema\\\/logo\\\/image\\\/\"}},{\"@type\":\"Person\",\"@id\":\"https:\\\/\\\/esledprofile.com\\\/#\\\/schema\\\/person\\\/b07fc3f70dc8e9bf9fe1533d9fd27ce8\",\"name\":\"adminjulia\",\"image\":{\"@type\":\"ImageObject\",\"inLanguage\":\"pt-PT\",\"@id\":\"https:\\\/\\\/secure.gravatar.com\\\/avatar\\\/b06eb3c8f0d93736a8427a7ced995c0301fa140dc0333d9f4407172bc2ecb921?s=96&d=mm&r=g\",\"url\":\"https:\\\/\\\/secure.gravatar.com\\\/avatar\\\/b06eb3c8f0d93736a8427a7ced995c0301fa140dc0333d9f4407172bc2ecb921?s=96&d=mm&r=g\",\"contentUrl\":\"https:\\\/\\\/secure.gravatar.com\\\/avatar\\\/b06eb3c8f0d93736a8427a7ced995c0301fa140dc0333d9f4407172bc2ecb921?s=96&d=mm&r=g\",\"caption\":\"adminjulia\"},\"sameAs\":[\"https:\\\/\\\/esledprofile.com\"],\"url\":\"https:\\\/\\\/esledprofile.com\\\/pt\\\/author\\\/adminjulia\\\/\"},{\"@type\":\"Question\",\"@id\":\"https:\\\/\\\/esledprofile.com\\\/what-is-a-black-led-aluminum-profile-and-when-to-use-it\\\/#faq-question-1765352684734\",\"position\":1,\"url\":\"https:\\\/\\\/esledprofile.com\\\/what-is-a-black-led-aluminum-profile-and-when-to-use-it\\\/#faq-question-1765352684734\",\"name\":\"Does the anodizing process for black profiles affect heat dissipation performance?\",\"answerCount\":1,\"acceptedAnswer\":{\"@type\":\"Answer\",\"text\":\"No. The heat dissipation capacity of LED aluminum profiles primarily depends on the material, thickness, and surface area of \u200b\u200bthe aluminum. The black treatment layer from anodizing (or spraying) is very thin, and its hindering effect on the thermal conductivity of the aluminum is negligible.\",\"inLanguage\":\"pt-PT\"},\"inLanguage\":\"pt-PT\"},{\"@type\":\"Question\",\"@id\":\"https:\\\/\\\/esledprofile.com\\\/what-is-a-black-led-aluminum-profile-and-when-to-use-it\\\/#faq-question-1765352686032\",\"position\":2,\"url\":\"https:\\\/\\\/esledprofile.com\\\/what-is-a-black-led-aluminum-profile-and-when-to-use-it\\\/#faq-question-1765352686032\",\"name\":\"Are the procurement and installation costs higher for black LED aluminum profiles?\",\"answerCount\":1,\"acceptedAnswer\":{\"@type\":\"Answer\",\"text\":\"Yes, the procurement cost of black profiles is generally higher than that of standard silver or white profiles. This is because the blackening process (such as anodizing) is an additional, more refined production step.\",\"inLanguage\":\"pt-PT\"},\"inLanguage\":\"pt-PT\"},{\"@type\":\"Question\",\"@id\":\"https:\\\/\\\/esledprofile.com\\\/what-is-a-black-led-aluminum-profile-and-when-to-use-it\\\/#faq-question-1765352686964\",\"position\":3,\"url\":\"https:\\\/\\\/esledprofile.com\\\/what-is-a-black-led-aluminum-profile-and-when-to-use-it\\\/#faq-question-1765352686964\",\"name\":\"Are scratches or dents on black profiles more difficult to repair than on silver profiles?\",\"answerCount\":1,\"acceptedAnswer\":{\"@type\":\"Answer\",\"text\":\"Yes, they are indeed more difficult to repair. Due to the high contrast of black, any minor scratches or dents will be more noticeable on a black surface than on a silver surface (especially brushed silver).\",\"inLanguage\":\"pt-PT\"},\"inLanguage\":\"pt-PT\"},{\"@type\":\"Question\",\"@id\":\"https:\\\/\\\/esledprofile.com\\\/what-is-a-black-led-aluminum-profile-and-when-to-use-it\\\/#faq-question-1765352687811\",\"position\":4,\"url\":\"https:\\\/\\\/esledprofile.com\\\/what-is-a-black-led-aluminum-profile-and-when-to-use-it\\\/#faq-question-1765352687811\",\"name\":\"Can you provide profiles in custom colors?\",\"answerCount\":1,\"acceptedAnswer\":{\"@type\":\"Answer\",\"text\":\"Yes, we support custom profiles in various RAL color codes. For black and white, there is a MOQ (Minimum Order Quota).\",\"inLanguage\":\"pt-PT\"},\"inLanguage\":\"pt-PT\"},{\"@type\":\"Question\",\"@id\":\"https:\\\/\\\/esledprofile.com\\\/what-is-a-black-led-aluminum-profile-and-when-to-use-it\\\/#faq-question-1765352688554\",\"position\":5,\"url\":\"https:\\\/\\\/esledprofile.com\\\/what-is-a-black-led-aluminum-profile-and-when-to-use-it\\\/#faq-question-1765352688554\",\"name\":\"When is it not recommended to use black materials?\",\"answerCount\":1,\"acceptedAnswer\":{\"@type\":\"Answer\",\"text\":\"In a minimalist space with white or light-colored as the main color scheme, or for projects with an extremely limited budget (black finishes may be slightly more expensive).\",\"inLanguage\":\"pt-PT\"},\"inLanguage\":\"pt-PT\"}]}<\/script>\n<!-- \/ Yoast SEO Premium plugin. -->","yoast_head_json":{"title":"O que \u00e9 um perfil de alum\u00ednio LED preto e quando us\u00e1-lo? - Fabricante de perfis LED","description":"Perfil de alum\u00ednio LED preto, com a sua oculta\u00e7\u00e3o superior, apelo visual sofisticado e ampla adaptabilidade.","robots":{"index":"index","follow":"follow","max-snippet":"max-snippet:-1","max-image-preview":"max-image-preview:large","max-video-preview":"max-video-preview:-1"},"canonical":"https:\/\/esledprofile.com\/pt\/what-is-a-black-led-aluminum-profile-and-when-to-use-it\/","og_locale":"pt_PT","og_type":"article","og_title":"What Is a Black LED Aluminum Profile and When to Use It?","og_description":"Black LED aluminum profile, with their superior concealment, sophisticated visual appeal, and wide adaptability.","og_url":"https:\/\/esledprofile.com\/pt\/what-is-a-black-led-aluminum-profile-and-when-to-use-it\/","og_site_name":"LED PROFILE Manufacturer","article_published_time":"2026-04-27T08:17:07+00:00","article_modified_time":"2026-04-27T08:17:10+00:00","og_image":[{"width":800,"height":500,"url":"https:\/\/esledprofile.com\/wp-content\/uploads\/2026\/04\/black-led-aluminum-profile-channel.webp","type":"image\/webp"}],"author":"adminjulia","twitter_card":"summary_large_image","twitter_misc":{"Escrito por":"adminjulia","Tempo estimado de leitura":"7 minutos"},"schema":{"@context":"https:\/\/schema.org","@graph":[{"@type":"Article","@id":"https:\/\/esledprofile.com\/what-is-a-black-led-aluminum-profile-and-when-to-use-it\/#article","isPartOf":{"@id":"https:\/\/esledprofile.com\/what-is-a-black-led-aluminum-profile-and-when-to-use-it\/"},"author":{"name":"adminjulia","@id":"https:\/\/esledprofile.com\/#\/schema\/person\/b07fc3f70dc8e9bf9fe1533d9fd27ce8"},"headline":"What Is a Black LED Aluminum Profile and When to Use It?","datePublished":"2026-04-27T08:17:07+00:00","dateModified":"2026-04-27T08:17:10+00:00","mainEntityOfPage":{"@id":"https:\/\/esledprofile.com\/what-is-a-black-led-aluminum-profile-and-when-to-use-it\/"},"wordCount":1248,"publisher":{"@id":"https:\/\/esledprofile.com\/#organization"},"image":{"@id":"https:\/\/esledprofile.com\/what-is-a-black-led-aluminum-profile-and-when-to-use-it\/#primaryimage"},"thumbnailUrl":"https:\/\/esledprofile.com\/wp-content\/uploads\/2026\/04\/black-led-aluminum-profile-channel.webp","keywords":["Black LED Aluminum Profile","black led profile","LED Strip Aluminum Housing"],"articleSection":["Blog"],"inLanguage":"pt-PT"},{"@type":["WebPage","FAQPage"],"@id":"https:\/\/esledprofile.com\/what-is-a-black-led-aluminum-profile-and-when-to-use-it\/","url":"https:\/\/esledprofile.com\/what-is-a-black-led-aluminum-profile-and-when-to-use-it\/","name":"O que \u00e9 um perfil de alum\u00ednio LED preto e quando us\u00e1-lo? - Fabricante de perfis LED","isPartOf":{"@id":"https:\/\/esledprofile.com\/#website"},"primaryImageOfPage":{"@id":"https:\/\/esledprofile.com\/what-is-a-black-led-aluminum-profile-and-when-to-use-it\/#primaryimage"},"image":{"@id":"https:\/\/esledprofile.com\/what-is-a-black-led-aluminum-profile-and-when-to-use-it\/#primaryimage"},"thumbnailUrl":"https:\/\/esledprofile.com\/wp-content\/uploads\/2026\/04\/black-led-aluminum-profile-channel.webp","datePublished":"2026-04-27T08:17:07+00:00","dateModified":"2026-04-27T08:17:10+00:00","description":"Perfil de alum\u00ednio LED preto, com a sua oculta\u00e7\u00e3o superior, apelo visual sofisticado e ampla adaptabilidade.","breadcrumb":{"@id":"https:\/\/esledprofile.com\/what-is-a-black-led-aluminum-profile-and-when-to-use-it\/#breadcrumb"},"mainEntity":[{"@id":"https:\/\/esledprofile.com\/what-is-a-black-led-aluminum-profile-and-when-to-use-it\/#faq-question-1765352684734"},{"@id":"https:\/\/esledprofile.com\/what-is-a-black-led-aluminum-profile-and-when-to-use-it\/#faq-question-1765352686032"},{"@id":"https:\/\/esledprofile.com\/what-is-a-black-led-aluminum-profile-and-when-to-use-it\/#faq-question-1765352686964"},{"@id":"https:\/\/esledprofile.com\/what-is-a-black-led-aluminum-profile-and-when-to-use-it\/#faq-question-1765352687811"},{"@id":"https:\/\/esledprofile.com\/what-is-a-black-led-aluminum-profile-and-when-to-use-it\/#faq-question-1765352688554"}],"inLanguage":"pt-PT","potentialAction":[{"@type":"ReadAction","target":["https:\/\/esledprofile.com\/what-is-a-black-led-aluminum-profile-and-when-to-use-it\/"]}]},{"@type":"ImageObject","inLanguage":"pt-PT","@id":"https:\/\/esledprofile.com\/what-is-a-black-led-aluminum-profile-and-when-to-use-it\/#primaryimage","url":"https:\/\/esledprofile.com\/wp-content\/uploads\/2026\/04\/black-led-aluminum-profile-channel.webp","contentUrl":"https:\/\/esledprofile.com\/wp-content\/uploads\/2026\/04\/black-led-aluminum-profile-channel.webp","width":800,"height":500,"caption":"Black LED aluminum profile channel for LED strip lighting with matte black finish"},{"@type":"BreadcrumbList","@id":"https:\/\/esledprofile.com\/what-is-a-black-led-aluminum-profile-and-when-to-use-it\/#breadcrumb","itemListElement":[{"@type":"ListItem","position":1,"name":"Home","item":"https:\/\/esledprofile.com\/"},{"@type":"ListItem","position":2,"name":"What Is a Black LED Aluminum Profile and When to Use It?"}]},{"@type":"WebSite","@id":"https:\/\/esledprofile.com\/#website","url":"https:\/\/esledprofile.com\/","name":"PERFIL LED Fabricante","description":"","publisher":{"@id":"https:\/\/esledprofile.com\/#organization"},"potentialAction":[{"@type":"SearchAction","target":{"@type":"EntryPoint","urlTemplate":"https:\/\/esledprofile.com\/?s={search_term_string}"},"query-input":{"@type":"PropertyValueSpecification","valueRequired":true,"valueName":"search_term_string"}}],"inLanguage":"pt-PT"},{"@type":"Organization","@id":"https:\/\/esledprofile.com\/#organization","name":"PERFIL LED Fabricante","url":"https:\/\/esledprofile.com\/","logo":{"@type":"ImageObject","inLanguage":"pt-PT","@id":"https:\/\/esledprofile.com\/#\/schema\/logo\/image\/","url":"https:\/\/esledprofile.com\/wp-content\/uploads\/2023\/11\/logo1-removebg-preview.png","contentUrl":"https:\/\/esledprofile.com\/wp-content\/uploads\/2023\/11\/logo1-removebg-preview.png","width":350,"height":100,"caption":"LED PROFILE Manufacturer"},"image":{"@id":"https:\/\/esledprofile.com\/#\/schema\/logo\/image\/"}},{"@type":"Person","@id":"https:\/\/esledprofile.com\/#\/schema\/person\/b07fc3f70dc8e9bf9fe1533d9fd27ce8","name":"adminjulia","image":{"@type":"ImageObject","inLanguage":"pt-PT","@id":"https:\/\/secure.gravatar.com\/avatar\/b06eb3c8f0d93736a8427a7ced995c0301fa140dc0333d9f4407172bc2ecb921?s=96&d=mm&r=g","url":"https:\/\/secure.gravatar.com\/avatar\/b06eb3c8f0d93736a8427a7ced995c0301fa140dc0333d9f4407172bc2ecb921?s=96&d=mm&r=g","contentUrl":"https:\/\/secure.gravatar.com\/avatar\/b06eb3c8f0d93736a8427a7ced995c0301fa140dc0333d9f4407172bc2ecb921?s=96&d=mm&r=g","caption":"adminjulia"},"sameAs":["https:\/\/esledprofile.com"],"url":"https:\/\/esledprofile.com\/pt\/author\/adminjulia\/"},{"@type":"Question","@id":"https:\/\/esledprofile.com\/what-is-a-black-led-aluminum-profile-and-when-to-use-it\/#faq-question-1765352684734","position":1,"url":"https:\/\/esledprofile.com\/what-is-a-black-led-aluminum-profile-and-when-to-use-it\/#faq-question-1765352684734","name":"O processo de anodiza\u00e7\u00e3o dos perfis pretos afecta o desempenho da dissipa\u00e7\u00e3o de calor?","answerCount":1,"acceptedAnswer":{"@type":"Answer","text":"No. The heat dissipation capacity of LED aluminum profiles primarily depends on the material, thickness, and surface area of \u200b\u200bthe aluminum. The black treatment layer from anodizing (or spraying) is very thin, and its hindering effect on the thermal conductivity of the aluminum is negligible.","inLanguage":"pt-PT"},"inLanguage":"pt-PT"},{"@type":"Question","@id":"https:\/\/esledprofile.com\/what-is-a-black-led-aluminum-profile-and-when-to-use-it\/#faq-question-1765352686032","position":2,"url":"https:\/\/esledprofile.com\/what-is-a-black-led-aluminum-profile-and-when-to-use-it\/#faq-question-1765352686032","name":"Os custos de aquisi\u00e7\u00e3o e instala\u00e7\u00e3o s\u00e3o mais elevados para os perfis de alum\u00ednio LED pretos?","answerCount":1,"acceptedAnswer":{"@type":"Answer","text":"Yes, the procurement cost of black profiles is generally higher than that of standard silver or white profiles. This is because the blackening process (such as anodizing) is an additional, more refined production step.","inLanguage":"pt-PT"},"inLanguage":"pt-PT"},{"@type":"Question","@id":"https:\/\/esledprofile.com\/what-is-a-black-led-aluminum-profile-and-when-to-use-it\/#faq-question-1765352686964","position":3,"url":"https:\/\/esledprofile.com\/what-is-a-black-led-aluminum-profile-and-when-to-use-it\/#faq-question-1765352686964","name":"Os riscos ou amolgadelas nos perfis pretos s\u00e3o mais dif\u00edceis de reparar do que nos perfis prateados?","answerCount":1,"acceptedAnswer":{"@type":"Answer","text":"Yes, they are indeed more difficult to repair. Due to the high contrast of black, any minor scratches or dents will be more noticeable on a black surface than on a silver surface (especially brushed silver).","inLanguage":"pt-PT"},"inLanguage":"pt-PT"},{"@type":"Question","@id":"https:\/\/esledprofile.com\/what-is-a-black-led-aluminum-profile-and-when-to-use-it\/#faq-question-1765352687811","position":4,"url":"https:\/\/esledprofile.com\/what-is-a-black-led-aluminum-profile-and-when-to-use-it\/#faq-question-1765352687811","name":"Podem fornecer perfis em cores personalizadas?","answerCount":1,"acceptedAnswer":{"@type":"Answer","text":"Yes, we support custom profiles in various RAL color codes. For black and white, there is a MOQ (Minimum Order Quota).","inLanguage":"pt-PT"},"inLanguage":"pt-PT"},{"@type":"Question","@id":"https:\/\/esledprofile.com\/what-is-a-black-led-aluminum-profile-and-when-to-use-it\/#faq-question-1765352688554","position":5,"url":"https:\/\/esledprofile.com\/what-is-a-black-led-aluminum-profile-and-when-to-use-it\/#faq-question-1765352688554","name":"Quando \u00e9 que n\u00e3o \u00e9 recomendada a utiliza\u00e7\u00e3o de materiais pretos?","answerCount":1,"acceptedAnswer":{"@type":"Answer","text":"In a minimalist space with white or light-colored as the main color scheme, or for projects with an extremely limited budget (black finishes may be slightly more expensive).","inLanguage":"pt-PT"},"inLanguage":"pt-PT"}]}},"_links":{"self":[{"href":"https:\/\/esledprofile.com\/pt\/wp-json\/wp\/v2\/posts\/3170","targetHints":{"allow":["GET"]}}],"collection":[{"href":"https:\/\/esledprofile.com\/pt\/wp-json\/wp\/v2\/posts"}],"about":[{"href":"https:\/\/esledprofile.com\/pt\/wp-json\/wp\/v2\/types\/post"}],"author":[{"embeddable":true,"href":"https:\/\/esledprofile.com\/pt\/wp-json\/wp\/v2\/users\/1"}],"replies":[{"embeddable":true,"href":"https:\/\/esledprofile.com\/pt\/wp-json\/wp\/v2\/comments?post=3170"}],"version-history":[{"count":15,"href":"https:\/\/esledprofile.com\/pt\/wp-json\/wp\/v2\/posts\/3170\/revisions"}],"predecessor-version":[{"id":3563,"href":"https:\/\/esledprofile.com\/pt\/wp-json\/wp\/v2\/posts\/3170\/revisions\/3563"}],"wp:featuredmedia":[{"embeddable":true,"href":"https:\/\/esledprofile.com\/pt\/wp-json\/wp\/v2\/media\/3561"}],"wp:attachment":[{"href":"https:\/\/esledprofile.com\/pt\/wp-json\/wp\/v2\/media?parent=3170"}],"wp:term":[{"taxonomy":"category","embeddable":true,"href":"https:\/\/esledprofile.com\/pt\/wp-json\/wp\/v2\/categories?post=3170"},{"taxonomy":"post_tag","embeddable":true,"href":"https:\/\/esledprofile.com\/pt\/wp-json\/wp\/v2\/tags?post=3170"}],"curies":[{"name":"wp","href":"https:\/\/api.w.org\/{rel}","templated":true}]}}